{"id":1085,"date":"2024-10-13T21:00:17","date_gmt":"2024-10-13T21:00:17","guid":{"rendered":"https:\/\/www.iscm.edu.ar\/web\/?p=1085"},"modified":"2024-09-30T04:42:54","modified_gmt":"2024-09-30T04:42:54","slug":"visita-de-eduardo-sotelo","status":"publish","type":"post","link":"https:\/\/www.iscm.edu.ar\/web\/nosotros\/visita-de-eduardo-sotelo\/","title":{"rendered":"Visita de Eduardo Sotelo"},"content":{"rendered":"<p><img loading=\"lazy\" decoding=\"async\" src=\"https:\/\/www.iscm.edu.ar\/web\/wp-content\/uploads\/2024\/09\/ed-sot-4.jpg\" alt=\"\" width=\"1080\" height=\"1080\" class=\"alignnone size-full wp-image-1045\" srcset=\"https:\/\/www.iscm.edu.ar\/web\/wp-content\/uploads\/2024\/09\/ed-sot-4.jpg 1080w, https:\/\/www.iscm.edu.ar\/web\/wp-content\/uploads\/2024\/09\/ed-sot-4-300x300.jpg 300w, https:\/\/www.iscm.edu.ar\/web\/wp-content\/uploads\/2024\/09\/ed-sot-4-1024x1024.jpg 1024w, https:\/\/www.iscm.edu.ar\/web\/wp-content\/uploads\/2024\/09\/ed-sot-4-150x150.jpg 150w, https:\/\/www.iscm.edu.ar\/web\/wp-content\/uploads\/2024\/09\/ed-sot-4-768x768.jpg 768w, https:\/\/www.iscm.edu.ar\/web\/wp-content\/uploads\/2024\/09\/ed-sot-4-250x250.jpg 250w, https:\/\/www.iscm.edu.ar\/web\/wp-content\/uploads\/2024\/09\/ed-sot-4-174x174.jpg 174w\" sizes=\"(max-width: 1080px) 100vw, 1080px\" \/><\/p>\n<p><img loading=\"lazy\" decoding=\"async\" src=\"https:\/\/www.iscm.edu.ar\/web\/wp-content\/uploads\/2024\/09\/ed-sot-3.jpg\" alt=\"\" width=\"1080\" height=\"1080\" class=\"alignnone size-full wp-image-1044\" srcset=\"https:\/\/www.iscm.edu.ar\/web\/wp-content\/uploads\/2024\/09\/ed-sot-3.jpg 1080w, https:\/\/www.iscm.edu.ar\/web\/wp-content\/uploads\/2024\/09\/ed-sot-3-300x300.jpg 300w, https:\/\/www.iscm.edu.ar\/web\/wp-content\/uploads\/2024\/09\/ed-sot-3-1024x1024.jpg 1024w, https:\/\/www.iscm.edu.ar\/web\/wp-content\/uploads\/2024\/09\/ed-sot-3-150x150.jpg 150w, https:\/\/www.iscm.edu.ar\/web\/wp-content\/uploads\/2024\/09\/ed-sot-3-768x768.jpg 768w, https:\/\/www.iscm.edu.ar\/web\/wp-content\/uploads\/2024\/09\/ed-sot-3-250x250.jpg 250w, https:\/\/www.iscm.edu.ar\/web\/wp-content\/uploads\/2024\/09\/ed-sot-3-174x174.jpg 174w\" sizes=\"(max-width: 1080px) 100vw, 1080px\" \/><\/p>\n<p><img loading=\"lazy\" decoding=\"async\" src=\"https:\/\/www.iscm.edu.ar\/web\/wp-content\/uploads\/2024\/09\/ed-sot-2.jpg\" alt=\"\" width=\"1080\" height=\"1080\" class=\"alignnone size-full wp-image-1043\" srcset=\"https:\/\/www.iscm.edu.ar\/web\/wp-content\/uploads\/2024\/09\/ed-sot-2.jpg 1080w, https:\/\/www.iscm.edu.ar\/web\/wp-content\/uploads\/2024\/09\/ed-sot-2-300x300.jpg 300w, https:\/\/www.iscm.edu.ar\/web\/wp-content\/uploads\/2024\/09\/ed-sot-2-1024x1024.jpg 1024w, https:\/\/www.iscm.edu.ar\/web\/wp-content\/uploads\/2024\/09\/ed-sot-2-150x150.jpg 150w, https:\/\/www.iscm.edu.ar\/web\/wp-content\/uploads\/2024\/09\/ed-sot-2-768x768.jpg 768w, https:\/\/www.iscm.edu.ar\/web\/wp-content\/uploads\/2024\/09\/ed-sot-2-250x250.jpg 250w, https:\/\/www.iscm.edu.ar\/web\/wp-content\/uploads\/2024\/09\/ed-sot-2-174x174.jpg 174w\" sizes=\"(max-width: 1080px) 100vw, 1080px\" \/><\/p>\n<p><img loading=\"lazy\" decoding=\"async\" src=\"https:\/\/www.iscm.edu.ar\/web\/wp-content\/uploads\/2024\/09\/ed-sot-1.jpg\" alt=\"\" width=\"1080\" height=\"1080\" class=\"alignnone size-full wp-image-1042\" srcset=\"https:\/\/www.iscm.edu.ar\/web\/wp-content\/uploads\/2024\/09\/ed-sot-1.jpg 1080w, https:\/\/www.iscm.edu.ar\/web\/wp-content\/uploads\/2024\/09\/ed-sot-1-300x300.jpg 300w, https:\/\/www.iscm.edu.ar\/web\/wp-content\/uploads\/2024\/09\/ed-sot-1-1024x1024.jpg 1024w, https:\/\/www.iscm.edu.ar\/web\/wp-content\/uploads\/2024\/09\/ed-sot-1-150x150.jpg 150w, https:\/\/www.iscm.edu.ar\/web\/wp-content\/uploads\/2024\/09\/ed-sot-1-768x768.jpg 768w, https:\/\/www.iscm.edu.ar\/web\/wp-content\/uploads\/2024\/09\/ed-sot-1-250x250.jpg 250w, https:\/\/www.iscm.edu.ar\/web\/wp-content\/uploads\/2024\/09\/ed-sot-1-174x174.jpg 174w\" sizes=\"(max-width: 1080px) 100vw, 1080px\" \/><\/p>\n<p>En el marco de un proyecto de 4to a\u00f1o de PEF nos visita en el ISCM Eduardo Sotelo, profesor que hace m\u00e1s de 20 a\u00f1os trabaja con personas con autismo y  referente a nivel internacional en Neurodiversidad.<\/p>\n","protected":false},"excerpt":{"rendered":"<p>En el marco de un proyecto de 4to a\u00f1o de PEF nos visita en el ISCM Eduardo Sotelo, profesor que hace m\u00e1s de 20 a\u00f1os trabaja con personas con autismo y referente a nivel internacional en Neurodiversidad.<\/p>\n","protected":false},"author":1,"featured_media":1043,"comment_status":"closed","ping_status":"open","sticky":false,"template":"","format":"standard","meta":{"footnotes":""},"categories":[4],"tags":[],"class_list":["post-1085","post","type-post","status-publish","format-standard","has-post-thumbnail","hentry","category-nosotros"],"_links":{"self":[{"href":"https:\/\/www.iscm.edu.ar\/web\/wp-json\/wp\/v2\/posts\/1085"}],"collection":[{"href":"https:\/\/www.iscm.edu.ar\/web\/wp-json\/wp\/v2\/posts"}],"about":[{"href":"https:\/\/www.iscm.edu.ar\/web\/wp-json\/wp\/v2\/types\/post"}],"author":[{"embeddable":true,"href":"https:\/\/www.iscm.edu.ar\/web\/wp-json\/wp\/v2\/users\/1"}],"replies":[{"embeddable":true,"href":"https:\/\/www.iscm.edu.ar\/web\/wp-json\/wp\/v2\/comments?post=1085"}],"version-history":[{"count":1,"href":"https:\/\/www.iscm.edu.ar\/web\/wp-json\/wp\/v2\/posts\/1085\/revisions"}],"predecessor-version":[{"id":1086,"href":"https:\/\/www.iscm.edu.ar\/web\/wp-json\/wp\/v2\/posts\/1085\/revisions\/1086"}],"wp:featuredmedia":[{"embeddable":true,"href":"https:\/\/www.iscm.edu.ar\/web\/wp-json\/wp\/v2\/media\/1043"}],"wp:attachment":[{"href":"https:\/\/www.iscm.edu.ar\/web\/wp-json\/wp\/v2\/media?parent=1085"}],"wp:term":[{"taxonomy":"category","embeddable":true,"href":"https:\/\/www.iscm.edu.ar\/web\/wp-json\/wp\/v2\/categories?post=1085"},{"taxonomy":"post_tag","embeddable":true,"href":"https:\/\/www.iscm.edu.ar\/web\/wp-json\/wp\/v2\/tags?post=1085"}],"curies":[{"name":"wp","href":"https:\/\/api.w.org\/{rel}","templated":true}]}}